{"id":938,"date":"2019-11-19T11:15:05","date_gmt":"2019-11-19T11:15:05","guid":{"rendered":"https:\/\/www.sv-og-morsbach.de\/?p=938"},"modified":"2019-11-19T11:16:12","modified_gmt":"2019-11-19T11:16:12","slug":"16-11-2019-koerung-og-rheydt","status":"publish","type":"post","link":"https:\/\/www.sv-og-morsbach.de\/?p=938","title":{"rendered":"16.11.2019 K\u00f6rung OG Rheydt"},"content":{"rendered":"<h4>Am 16.11.2019<\/h4>\n<p><strong>war in der OG Rheydt die letzte K\u00f6rung der Landesgruppe f\u00fcr dieses Jahr.<img loading=\"lazy\" decoding=\"async\" class=\"alignnone size-medium wp-image-783 alignright\" src=\"https:\/\/www.sv-og-morsbach.de\/wp-content\/uploads\/2019\/09\/IMG-20190306-WA0013-225x300.jpg\" alt=\"\" width=\"225\" height=\"300\" \/><\/strong><\/p>\n<p>&nbsp;<\/p>\n<p><strong>K\u00f6rmeister war Uli Hausmann und Schutzdiensthelfer Michael Korten.<\/strong><\/p>\n<p>&nbsp;<\/p>\n<p><strong>Am Start waren zwei unserer Mitglieder einmal unser alter Hase und Zuchtwart Edgar Muth der seine Wuxe auf Lebzeit gek\u00f6rt hat\u00a0 <\/strong><\/p>\n<p><strong>und unser Daniel Greb der seine Wanda vom Tatzelwurm f\u00fcr die Jahre 2020\/21 angek\u00f6rt hat.Daniel hat somit alle Voraussetzungen um mit seiner H\u00fcndin zu Z\u00fcchten!\u00a0 Auch da w\u00fcnschen wir viel Erfolg f\u00fcr!<\/strong><\/p>\n<p><strong><img loading=\"lazy\" decoding=\"async\" class=\"alignnone size-medium wp-image-937\" src=\"https:\/\/www.sv-og-morsbach.de\/wp-content\/uploads\/2019\/11\/IMG-20191116-WA0016-225x300.jpg\" alt=\"\" width=\"225\" height=\"300\" \/><\/strong><\/p>\n<p>&nbsp;<\/p>\n<p>&nbsp;<\/p>\n<p><strong>Beide Hunde zeigten beim eingesetzen Helfer Michael Korten einen sehr \u00fcberzeugenden Schutzdienst .<\/strong><\/p>\n<p><strong>Danke Michael f\u00fcr die klasse Arbeit und Danke Uli f\u00fcr die faire Beurteilung der Hunde.<\/strong><\/p>\n<p>&nbsp;<\/p>\n","protected":false},"excerpt":{"rendered":"<p>Am 16.11.2019 war in der OG Rheydt die letzte K\u00f6rung der Landesgruppe f\u00fcr dieses Jahr. &nbsp; K\u00f6rmeister war Uli Hausmann und Schutzdiensthelfer Michael Korten. &nbsp; Am Start waren zwei unserer Mitglieder einmal unser alter Hase und Zuchtwart Edgar Muth der seine Wuxe auf Lebzeit gek\u00f6rt hat\u00a0 und unser Daniel Greb der seine Wanda vom Tatzelwurm<\/p>\n<div><a class=\"btn-filled btn\" href=\"https:\/\/www.sv-og-morsbach.de\/?p=938\" title=\"16.11.2019 K\u00f6rung OG Rheydt\">Weiterlesen<\/a><\/div>\n","protected":false},"author":3,"featured_media":0,"comment_status":"open","ping_status":"open","sticky":false,"template":"","format":"standard","meta":{"_jetpack_memberships_contains_paid_content":false,"footnotes":""},"categories":[1,3],"tags":[],"class_list":["post-938","post","type-post","status-publish","format-standard","hentry","category-uncategorized","category-nachlese"],"jetpack_featured_media_url":"","jetpack_sharing_enabled":true,"_links":{"self":[{"href":"https:\/\/www.sv-og-morsbach.de\/index.php?rest_route=\/wp\/v2\/posts\/938","targetHints":{"allow":["GET"]}}],"collection":[{"href":"https:\/\/www.sv-og-morsbach.de\/index.php?rest_route=\/wp\/v2\/posts"}],"about":[{"href":"https:\/\/www.sv-og-morsbach.de\/index.php?rest_route=\/wp\/v2\/types\/post"}],"author":[{"embeddable":true,"href":"https:\/\/www.sv-og-morsbach.de\/index.php?rest_route=\/wp\/v2\/users\/3"}],"replies":[{"embeddable":true,"href":"https:\/\/www.sv-og-morsbach.de\/index.php?rest_route=%2Fwp%2Fv2%2Fcomments&post=938"}],"version-history":[{"count":14,"href":"https:\/\/www.sv-og-morsbach.de\/index.php?rest_route=\/wp\/v2\/posts\/938\/revisions"}],"predecessor-version":[{"id":952,"href":"https:\/\/www.sv-og-morsbach.de\/index.php?rest_route=\/wp\/v2\/posts\/938\/revisions\/952"}],"wp:attachment":[{"href":"https:\/\/www.sv-og-morsbach.de\/index.php?rest_route=%2Fwp%2Fv2%2Fmedia&parent=938"}],"wp:term":[{"taxonomy":"category","embeddable":true,"href":"https:\/\/www.sv-og-morsbach.de\/index.php?rest_route=%2Fwp%2Fv2%2Fcategories&post=938"},{"taxonomy":"post_tag","embeddable":true,"href":"https:\/\/www.sv-og-morsbach.de\/index.php?rest_route=%2Fwp%2Fv2%2Ftags&post=938"}],"curies":[{"name":"wp","href":"https:\/\/api.w.org\/{rel}","templated":true}]}}